{"id":2145,"date":"2019-09-21T07:07:40","date_gmt":"2019-09-21T09:07:40","guid":{"rendered":"https:\/\/aplankyti.lt\/vatikano-muziejaus-laiptai\/"},"modified":"2019-09-21T07:07:40","modified_gmt":"2019-09-21T09:07:40","slug":"vatikano-muziejaus-laiptai","status":"publish","type":"post","link":"https:\/\/aplankyti.lt\/en\/vatikano-muziejaus-laiptai\/","title":{"rendered":"Stairs to the Vatican Museum"},"content":{"rendered":"<div id=\"zombify-main-section-front\" class=\"zombify-main-section-front zombify-screen zf-media-full\">\n\t<div class=\"zf-container\">\n\t\t<div id=\"zf-image\" class=\"zf-image\">\n\t\t\t\t\t\t\t<figure class=\"zf-image_media zf-image zf-media-wrapper zf-type-image\">\n\t\t\t\t\t<div class=\"zf-media\">\n\t\t\t\t\t\t<div class=\"bb-media-placeholder\" style=\"padding-bottom:66.778%;\"><img loading=\"lazy\" decoding=\"async\" width=\"900\" height=\"601\" src=\"https:\/\/aplankyti.lt\/wp-content\/uploads\/2019\/09\/Vatikano-laiptai.jpg\" class=\"\" alt=\"\" style=\"\" srcset=\"https:\/\/aplankyti.lt\/wp-content\/uploads\/2019\/09\/Vatikano-laiptai.jpg 900w, https:\/\/aplankyti.lt\/wp-content\/uploads\/2019\/09\/Vatikano-laiptai-300x200.jpg 300w, https:\/\/aplankyti.lt\/wp-content\/uploads\/2019\/09\/Vatikano-laiptai-768x513.jpg 768w, https:\/\/aplankyti.lt\/wp-content\/uploads\/2019\/09\/Vatikano-laiptai-360x240.jpg 360w, https:\/\/aplankyti.lt\/wp-content\/uploads\/2019\/09\/Vatikano-laiptai-545x364.jpg 545w\" sizes=\"auto, (max-width: 900px) 100vw, 900px\" \/><\/div>\t\t\t\t\t\t\t<figcaption class=\"zf-figcaption\">\n\t\t\t\t\t\t\t\t<cite><\/cite>\n\t\t\t\t\t\t\t<\/figcaption>\n\t\t\t\t\t\t\t\t\t\t\t<\/div>\n\t\t\t\t<\/figure>\n\t\t\t\t\t\t\t<div class=\"zf-image_description\"><p>&nbsp; <strong>The Vatican Museum has one of the most famous stairs in the world<\/strong> - this spiral staircase, designed by Giuseppe Momo in 1932, is sometimes called <strong>Bramante stairs<\/strong>. This is because the staircase designed by architect Momo was inspired by the spiral sheets of Donato Bramante, built in 1505, which are also in the Vatican. Donatas Bramante&#039;s spiral staircase is not open to tourists and is used by the Pope. The modern Vatican staircase, like the original Bramente staircase, has a double helix shape. The double spiral staircase allows people to get up and down the stairs simultaneously without meeting each other. As with the old stairs, the main purpose is to allow continuous movement in each direction. The stairs are at the end of the museum visit and all visitors are required to pass these stairs when leaving the museum.<\/p><\/div>\n\t\t<\/div>\n\t<\/div>\n\t<\/div>","protected":false},"excerpt":{"rendered":"&nbsp; Vatikano muziejuje yra vieni \u017eymiausi\u0173 pasaulyje laipt\u0173 &ndash; &scaron;ie spiraliniai laiptai, suprojektuoti D\u017eiuzep\u0117s Momo 1932 metais, kartais pavadinami Bramant\u0117s laiptai. Taip yra d\u0117l to, kad architektui Momo sukurti &scaron;iuos laiptus \u012fkv\u0117p\u0117 Donato Bramant\u0117s spiraliniai laptai, pastatyti 1505 metais, kurie taip pat yra Vatikane. Donato Bramant\u0117s spiraliniai laiptai turistams n\u0117ra atviri, jais naudojasi Popie\u017eius. Modern\u016bs...","protected":false},"author":1,"featured_media":2143,"comment_status":"open","ping_status":"open","sticky":false,"template":"","format":"standard","meta":{"footnotes":""},"categories":[73],"tags":[277,95,269,270],"class_list":["post-2145","post","type-post","status-publish","format-standard","has-post-thumbnail","hentry","category-ka-aplankyti-europoje","tag-aplankyti-romoje","tag-image","tag-roma","tag-vatikanas"],"yoast_head":"<!-- This site is optimized with the Yoast SEO plugin v27.5 - https:\/\/yoast.com\/product\/yoast-seo-wordpress\/ -->\n<title>Vatikano muziejaus laiptai - K\u0105 aplankyti kelion\u0117je - aplankyti.lt<\/title>\n<meta name=\"robots\" content=\"index, follow, max-snippet:-1, max-image-preview:large, max-video-preview:-1\" \/>\n<link rel=\"canonical\" href=\"https:\/\/aplankyti.lt\/en\/vatikano-muziejaus-laiptai\/\" class=\"yoast-seo-meta-tag\" \/>\n<meta property=\"og:locale\" content=\"en_US\" class=\"yoast-seo-meta-tag\" \/>\n<meta property=\"og:type\" content=\"article\" class=\"yoast-seo-meta-tag\" \/>\n<meta property=\"og:title\" content=\"Vatikano muziejaus laiptai - K\u0105 aplankyti kelion\u0117je - aplankyti.lt\" class=\"yoast-seo-meta-tag\" \/>\n<meta property=\"og:url\" content=\"https:\/\/aplankyti.lt\/en\/vatikano-muziejaus-laiptai\/\" class=\"yoast-seo-meta-tag\" \/>\n<meta property=\"og:site_name\" content=\"K\u0105 aplankyti kelion\u0117je - aplankyti.lt\" class=\"yoast-seo-meta-tag\" \/>\n<meta property=\"article:published_time\" content=\"2019-09-21T09:07:40+00:00\" class=\"yoast-seo-meta-tag\" \/>\n<meta property=\"og:image\" content=\"https:\/\/aplankyti.lt\/wp-content\/uploads\/2019\/09\/Vatikano-laiptai.jpg\" class=\"yoast-seo-meta-tag\" \/>\n\t<meta property=\"og:image:width\" content=\"900\" class=\"yoast-seo-meta-tag\" \/>\n\t<meta property=\"og:image:height\" content=\"601\" class=\"yoast-seo-meta-tag\" \/>\n\t<meta property=\"og:image:type\" content=\"image\/jpeg\" class=\"yoast-seo-meta-tag\" \/>\n<meta name=\"author\" content=\"Keliautoja\" class=\"yoast-seo-meta-tag\" \/>\n<meta name=\"twitter:card\" content=\"summary_large_image\" class=\"yoast-seo-meta-tag\" \/>\n<meta name=\"twitter:label1\" content=\"Written by\" class=\"yoast-seo-meta-tag\" \/>\n\t<meta name=\"twitter:data1\" content=\"Keliautoja\" class=\"yoast-seo-meta-tag\" \/>\n<script type=\"application\/ld+json\" class=\"yoast-schema-graph\">{\"@context\":\"https:\\\/\\\/schema.org\",\"@graph\":[{\"@type\":\"Article\",\"@id\":\"https:\\\/\\\/aplankyti.lt\\\/en\\\/vatikano-muziejaus-laiptai\\\/#article\",\"isPartOf\":{\"@id\":\"https:\\\/\\\/aplankyti.lt\\\/en\\\/vatikano-muziejaus-laiptai\\\/\"},\"author\":{\"name\":\"Keliautoja\",\"@id\":\"https:\\\/\\\/aplankyti.lt\\\/#\\\/schema\\\/person\\\/3f6f4b33b0bdcd676bb710171306b423\"},\"headline\":\"Vatikano muziejaus laiptai\",\"datePublished\":\"2019-09-21T09:07:40+00:00\",\"mainEntityOfPage\":{\"@id\":\"https:\\\/\\\/aplankyti.lt\\\/en\\\/vatikano-muziejaus-laiptai\\\/\"},\"wordCount\":5,\"commentCount\":0,\"publisher\":{\"@id\":\"https:\\\/\\\/aplankyti.lt\\\/#\\\/schema\\\/person\\\/3f6f4b33b0bdcd676bb710171306b423\"},\"image\":{\"@id\":\"https:\\\/\\\/aplankyti.lt\\\/en\\\/vatikano-muziejaus-laiptai\\\/#primaryimage\"},\"thumbnailUrl\":\"https:\\\/\\\/aplankyti.lt\\\/wp-content\\\/uploads\\\/2019\\\/09\\\/Vatikano-laiptai.jpg\",\"keywords\":[\"Aplankyti Romoje\",\"image\",\"Roma\",\"Vatikanas\"],\"articleSection\":[\"Aplankyti Europoje\"],\"inLanguage\":\"en-US\",\"potentialAction\":[{\"@type\":\"CommentAction\",\"name\":\"Comment\",\"target\":[\"https:\\\/\\\/aplankyti.lt\\\/en\\\/vatikano-muziejaus-laiptai\\\/#respond\"]}]},{\"@type\":\"WebPage\",\"@id\":\"https:\\\/\\\/aplankyti.lt\\\/en\\\/vatikano-muziejaus-laiptai\\\/\",\"url\":\"https:\\\/\\\/aplankyti.lt\\\/en\\\/vatikano-muziejaus-laiptai\\\/\",\"name\":\"Vatikano muziejaus laiptai - K\u0105 aplankyti kelion\u0117je - aplankyti.lt\",\"isPartOf\":{\"@id\":\"https:\\\/\\\/aplankyti.lt\\\/#website\"},\"primaryImageOfPage\":{\"@id\":\"https:\\\/\\\/aplankyti.lt\\\/en\\\/vatikano-muziejaus-laiptai\\\/#primaryimage\"},\"image\":{\"@id\":\"https:\\\/\\\/aplankyti.lt\\\/en\\\/vatikano-muziejaus-laiptai\\\/#primaryimage\"},\"thumbnailUrl\":\"https:\\\/\\\/aplankyti.lt\\\/wp-content\\\/uploads\\\/2019\\\/09\\\/Vatikano-laiptai.jpg\",\"datePublished\":\"2019-09-21T09:07:40+00:00\",\"breadcrumb\":{\"@id\":\"https:\\\/\\\/aplankyti.lt\\\/en\\\/vatikano-muziejaus-laiptai\\\/#breadcrumb\"},\"inLanguage\":\"en-US\",\"potentialAction\":[{\"@type\":\"ReadAction\",\"target\":[\"https:\\\/\\\/aplankyti.lt\\\/en\\\/vatikano-muziejaus-laiptai\\\/\"]}]},{\"@type\":\"ImageObject\",\"inLanguage\":\"en-US\",\"@id\":\"https:\\\/\\\/aplankyti.lt\\\/en\\\/vatikano-muziejaus-laiptai\\\/#primaryimage\",\"url\":\"https:\\\/\\\/aplankyti.lt\\\/wp-content\\\/uploads\\\/2019\\\/09\\\/Vatikano-laiptai.jpg\",\"contentUrl\":\"https:\\\/\\\/aplankyti.lt\\\/wp-content\\\/uploads\\\/2019\\\/09\\\/Vatikano-laiptai.jpg\",\"width\":900,\"height\":601},{\"@type\":\"BreadcrumbList\",\"@id\":\"https:\\\/\\\/aplankyti.lt\\\/en\\\/vatikano-muziejaus-laiptai\\\/#breadcrumb\",\"itemListElement\":[{\"@type\":\"ListItem\",\"position\":1,\"name\":\"Home\",\"item\":\"https:\\\/\\\/aplankyti.lt\\\/\"},{\"@type\":\"ListItem\",\"position\":2,\"name\":\"Vatikano muziejaus laiptai\"}]},{\"@type\":\"WebSite\",\"@id\":\"https:\\\/\\\/aplankyti.lt\\\/#website\",\"url\":\"https:\\\/\\\/aplankyti.lt\\\/\",\"name\":\"K\u0105 aplankyti kelioni\u0173 kelion\u0117je\",\"description\":\"Kelioni\u0173 kelion\u0117: kur keliauti? K\u0105 pamatyti? \",\"publisher\":{\"@id\":\"https:\\\/\\\/aplankyti.lt\\\/#\\\/schema\\\/person\\\/3f6f4b33b0bdcd676bb710171306b423\"},\"potentialAction\":[{\"@type\":\"SearchAction\",\"target\":{\"@type\":\"EntryPoint\",\"urlTemplate\":\"https:\\\/\\\/aplankyti.lt\\\/?s={search_term_string}\"},\"query-input\":{\"@type\":\"PropertyValueSpecification\",\"valueRequired\":true,\"valueName\":\"search_term_string\"}}],\"inLanguage\":\"en-US\"},{\"@type\":[\"Person\",\"Organization\"],\"@id\":\"https:\\\/\\\/aplankyti.lt\\\/#\\\/schema\\\/person\\\/3f6f4b33b0bdcd676bb710171306b423\",\"name\":\"Keliautoja\",\"image\":{\"@type\":\"ImageObject\",\"inLanguage\":\"en-US\",\"@id\":\"https:\\\/\\\/aplankyti.lt\\\/wp-content\\\/uploads\\\/avatars\\\/1\\\/5d62df268c817-bpfull.jpg\",\"url\":\"https:\\\/\\\/aplankyti.lt\\\/wp-content\\\/uploads\\\/avatars\\\/1\\\/5d62df268c817-bpfull.jpg\",\"contentUrl\":\"https:\\\/\\\/aplankyti.lt\\\/wp-content\\\/uploads\\\/avatars\\\/1\\\/5d62df268c817-bpfull.jpg\",\"caption\":\"Keliautoja\"},\"logo\":{\"@id\":\"https:\\\/\\\/aplankyti.lt\\\/wp-content\\\/uploads\\\/avatars\\\/1\\\/5d62df268c817-bpfull.jpg\"}}]}<\/script>\n<!-- \/ Yoast SEO plugin. -->","yoast_head_json":{"title":"Vatikano muziejaus laiptai - K\u0105 aplankyti kelion\u0117je - aplankyti.lt","robots":{"index":"index","follow":"follow","max-snippet":"max-snippet:-1","max-image-preview":"max-image-preview:large","max-video-preview":"max-video-preview:-1"},"canonical":"https:\/\/aplankyti.lt\/en\/vatikano-muziejaus-laiptai\/","og_locale":"en_US","og_type":"article","og_title":"Vatikano muziejaus laiptai - K\u0105 aplankyti kelion\u0117je - aplankyti.lt","og_url":"https:\/\/aplankyti.lt\/en\/vatikano-muziejaus-laiptai\/","og_site_name":"K\u0105 aplankyti kelion\u0117je - aplankyti.lt","article_published_time":"2019-09-21T09:07:40+00:00","og_image":[{"width":900,"height":601,"url":"https:\/\/aplankyti.lt\/wp-content\/uploads\/2019\/09\/Vatikano-laiptai.jpg","type":"image\/jpeg"}],"author":"Keliautoja","twitter_card":"summary_large_image","twitter_misc":{"Written by":"Keliautoja"},"schema":{"@context":"https:\/\/schema.org","@graph":[{"@type":"Article","@id":"https:\/\/aplankyti.lt\/en\/vatikano-muziejaus-laiptai\/#article","isPartOf":{"@id":"https:\/\/aplankyti.lt\/en\/vatikano-muziejaus-laiptai\/"},"author":{"name":"Keliautoja","@id":"https:\/\/aplankyti.lt\/#\/schema\/person\/3f6f4b33b0bdcd676bb710171306b423"},"headline":"Vatikano muziejaus laiptai","datePublished":"2019-09-21T09:07:40+00:00","mainEntityOfPage":{"@id":"https:\/\/aplankyti.lt\/en\/vatikano-muziejaus-laiptai\/"},"wordCount":5,"commentCount":0,"publisher":{"@id":"https:\/\/aplankyti.lt\/#\/schema\/person\/3f6f4b33b0bdcd676bb710171306b423"},"image":{"@id":"https:\/\/aplankyti.lt\/en\/vatikano-muziejaus-laiptai\/#primaryimage"},"thumbnailUrl":"https:\/\/aplankyti.lt\/wp-content\/uploads\/2019\/09\/Vatikano-laiptai.jpg","keywords":["Aplankyti Romoje","image","Roma","Vatikanas"],"articleSection":["Aplankyti Europoje"],"inLanguage":"en-US","potentialAction":[{"@type":"CommentAction","name":"Comment","target":["https:\/\/aplankyti.lt\/en\/vatikano-muziejaus-laiptai\/#respond"]}]},{"@type":"WebPage","@id":"https:\/\/aplankyti.lt\/en\/vatikano-muziejaus-laiptai\/","url":"https:\/\/aplankyti.lt\/en\/vatikano-muziejaus-laiptai\/","name":"Vatikano muziejaus laiptai - K\u0105 aplankyti kelion\u0117je - aplankyti.lt","isPartOf":{"@id":"https:\/\/aplankyti.lt\/#website"},"primaryImageOfPage":{"@id":"https:\/\/aplankyti.lt\/en\/vatikano-muziejaus-laiptai\/#primaryimage"},"image":{"@id":"https:\/\/aplankyti.lt\/en\/vatikano-muziejaus-laiptai\/#primaryimage"},"thumbnailUrl":"https:\/\/aplankyti.lt\/wp-content\/uploads\/2019\/09\/Vatikano-laiptai.jpg","datePublished":"2019-09-21T09:07:40+00:00","breadcrumb":{"@id":"https:\/\/aplankyti.lt\/en\/vatikano-muziejaus-laiptai\/#breadcrumb"},"inLanguage":"en-US","potentialAction":[{"@type":"ReadAction","target":["https:\/\/aplankyti.lt\/en\/vatikano-muziejaus-laiptai\/"]}]},{"@type":"ImageObject","inLanguage":"en-US","@id":"https:\/\/aplankyti.lt\/en\/vatikano-muziejaus-laiptai\/#primaryimage","url":"https:\/\/aplankyti.lt\/wp-content\/uploads\/2019\/09\/Vatikano-laiptai.jpg","contentUrl":"https:\/\/aplankyti.lt\/wp-content\/uploads\/2019\/09\/Vatikano-laiptai.jpg","width":900,"height":601},{"@type":"BreadcrumbList","@id":"https:\/\/aplankyti.lt\/en\/vatikano-muziejaus-laiptai\/#breadcrumb","itemListElement":[{"@type":"ListItem","position":1,"name":"Home","item":"https:\/\/aplankyti.lt\/"},{"@type":"ListItem","position":2,"name":"Vatikano muziejaus laiptai"}]},{"@type":"WebSite","@id":"https:\/\/aplankyti.lt\/#website","url":"https:\/\/aplankyti.lt\/","name":"K\u0105 aplankyti kelioni\u0173 kelion\u0117je","description":"Where to Travel now","publisher":{"@id":"https:\/\/aplankyti.lt\/#\/schema\/person\/3f6f4b33b0bdcd676bb710171306b423"},"potentialAction":[{"@type":"SearchAction","target":{"@type":"EntryPoint","urlTemplate":"https:\/\/aplankyti.lt\/?s={search_term_string}"},"query-input":{"@type":"PropertyValueSpecification","valueRequired":true,"valueName":"search_term_string"}}],"inLanguage":"en-US"},{"@type":["Person","Organization"],"@id":"https:\/\/aplankyti.lt\/#\/schema\/person\/3f6f4b33b0bdcd676bb710171306b423","name":"Traveler","image":{"@type":"ImageObject","inLanguage":"en-US","@id":"https:\/\/aplankyti.lt\/wp-content\/uploads\/avatars\/1\/5d62df268c817-bpfull.jpg","url":"https:\/\/aplankyti.lt\/wp-content\/uploads\/avatars\/1\/5d62df268c817-bpfull.jpg","contentUrl":"https:\/\/aplankyti.lt\/wp-content\/uploads\/avatars\/1\/5d62df268c817-bpfull.jpg","caption":"Keliautoja"},"logo":{"@id":"https:\/\/aplankyti.lt\/wp-content\/uploads\/avatars\/1\/5d62df268c817-bpfull.jpg"}}]}},"_links":{"self":[{"href":"https:\/\/aplankyti.lt\/en\/wp-json\/wp\/v2\/posts\/2145","targetHints":{"allow":["GET"]}}],"collection":[{"href":"https:\/\/aplankyti.lt\/en\/wp-json\/wp\/v2\/posts"}],"about":[{"href":"https:\/\/aplankyti.lt\/en\/wp-json\/wp\/v2\/types\/post"}],"author":[{"embeddable":true,"href":"https:\/\/aplankyti.lt\/en\/wp-json\/wp\/v2\/users\/1"}],"replies":[{"embeddable":true,"href":"https:\/\/aplankyti.lt\/en\/wp-json\/wp\/v2\/comments?post=2145"}],"version-history":[{"count":0,"href":"https:\/\/aplankyti.lt\/en\/wp-json\/wp\/v2\/posts\/2145\/revisions"}],"wp:featuredmedia":[{"embeddable":true,"href":"https:\/\/aplankyti.lt\/en\/wp-json\/wp\/v2\/media\/2143"}],"wp:attachment":[{"href":"https:\/\/aplankyti.lt\/en\/wp-json\/wp\/v2\/media?parent=2145"}],"wp:term":[{"taxonomy":"category","embeddable":true,"href":"https:\/\/aplankyti.lt\/en\/wp-json\/wp\/v2\/categories?post=2145"},{"taxonomy":"post_tag","embeddable":true,"href":"https:\/\/aplankyti.lt\/en\/wp-json\/wp\/v2\/tags?post=2145"}],"curies":[{"name":"wp","href":"https:\/\/api.w.org\/{rel}","templated":true}]}}